{"id":1617,"date":"2023-05-08T11:01:45","date_gmt":"2023-05-08T09:01:45","guid":{"rendered":"https:\/\/eichenauer-schuetzen.de\/?p=1617"},"modified":"2023-05-22T11:10:19","modified_gmt":"2023-05-22T09:10:19","slug":"volksfestschiessen-2023","status":"publish","type":"post","link":"https:\/\/eichenauer-schuetzen.de\/?p=1617","title":{"rendered":"Volksfestschie\u00dfen 2023"},"content":{"rendered":"\n[et_pb_section fb_built=&#8220;1&#8243; _builder_version=&#8220;4.16&#8243; global_colors_info=&#8220;{}&#8220; theme_builder_area=&#8220;post_content&#8220;][et_pb_row column_structure=&#8220;3_5,2_5&#8243; _builder_version=&#8220;4.16&#8243; global_colors_info=&#8220;{}&#8220; theme_builder_area=&#8220;post_content&#8220;][et_pb_column type=&#8220;3_5&#8243; _builder_version=&#8220;4.16&#8243; global_colors_info=&#8220;{}&#8220; theme_builder_area=&#8220;post_content&#8220;][et_pb_text _builder_version=&#8220;4.21.0&#8243; header_text_color=&#8220;#0c5114&#8243; header_4_text_color=&#8220;#0c5114&#8243; hover_enabled=&#8220;0&#8243; global_colors_info=&#8220;{}&#8220; theme_builder_area=&#8220;post_content&#8220; sticky_enabled=&#8220;0&#8243;]<h4>Volksfestschie\u00dfen 2023<\/h4>\n<p>Im Zusammenhang mit dem Puchheimer Volksfest haben die drei Sch\u00fctzenvereine Gamsj\u00e4ger Puchheim, Eintracht Puchheim und Immergr\u00fcn Eichenau den Wettbewerb um den seit 1997 j\u00e4hrlich ausgeschossenen Wanderpokal \u201eVolksfestschie\u00dfen\u201c diesmal wieder in Eichenau durchgef\u00fchrt. <br \/>Bei der Siegerehrung in unserem Vereinsheim hat der 1. Sch\u00fctzenmeister Claus Guttenthaler zus\u00e4tzlich zum Wanderpokal wundersch\u00f6ne Glaspokale \u00fcberreicht. Das beste Ergebnis hat die Sch\u00fctzengesellschaft Immergr\u00fcn erreicht und kann somit zum 5. Mal den Wanderpokal f\u00fcr ein Jahr in Eichenau behalten. <br \/>Den 2. Platz belegte Gamsj\u00e4ger Puchheim, den 3. Platz Eintracht Puchheim.<\/p>[\/et_pb_text][et_pb_button button_text=&#8220;Ergebnisse Volksfestschie\u00dfen 2023&#8243; _builder_version=&#8220;4.21.0&#8243; _module_preset=&#8220;default&#8220; theme_builder_area=&#8220;post_content&#8220; button_url=&#8220;https:\/\/eichenauer-schuetzen.de\/wp-content\/uploads\/2023\/05\/23_Volksfest_Ergebnis.pdf&#8220; url_new_window=&#8220;on&#8220; hover_enabled=&#8220;0&#8243; sticky_enabled=&#8220;0&#8243; custom_button=&#8220;on&#8220; button_bg_color=&#8220;RGBA(255,255,255,0)&#8220; button_bg_enable_color=&#8220;on&#8220;][\/et_pb_button][\/et_pb_column][et_pb_column type=&#8220;2_5&#8243; _builder_version=&#8220;4.16&#8243; global_colors_info=&#8220;{}&#8220; theme_builder_area=&#8220;post_content&#8220;][et_pb_image src=&#8220;https:\/\/eichenauer-schuetzen.de\/wp-content\/uploads\/2023\/05\/Siegerehrung-Volksfestschiessen-2023.jpg&#8220; title_text=&#8220;Siegerehrung Volksfestschie\u00dfen 2023&#8243; _builder_version=&#8220;4.21.0&#8243; _module_preset=&#8220;default&#8220; hover_enabled=&#8220;0&#8243; global_colors_info=&#8220;{}&#8220; theme_builder_area=&#8220;post_content&#8220; sticky_enabled=&#8220;0&#8243; show_in_lightbox=&#8220;on&#8220;][\/et_pb_image][et_pb_text _builder_version=&#8220;4.21.0&#8243; _module_preset=&#8220;default&#8220; theme_builder_area=&#8220;post_content&#8220; hover_enabled=&#8220;0&#8243; sticky_enabled=&#8220;0&#8243;]<p>Auf dem Foto vlnr: <br \/>Sportleiter Marco Maffei (Immergr\u00fcn Eichenau); 1. Sch\u00fctzenmeister Markus Blust (Eintracht Puchheim); 2. Sch\u00fctzenmeisterin Magdalena R\u00f6\u00dfler (Immergr\u00fcn Eichenau); 1. Sch\u00fctzenmeister Stefan Dingler (Gamsj\u00e4ger Puchheim); 1. Sch\u00fctzenmeister Claus Guttenthaler (Immergr\u00fcn Eichenau)<\/p>[\/et_pb_text][\/et_pb_column][\/et_pb_row][et_pb_row column_structure=&#8220;1_3,1_3,1_3&#8243; _builder_version=&#8220;4.20.2&#8243; _module_preset=&#8220;default&#8220; global_colors_info=&#8220;{}&#8220; theme_builder_area=&#8220;post_content&#8220;][et_pb_column type=&#8220;1_3&#8243; _builder_version=&#8220;4.20.2&#8243; _module_preset=&#8220;default&#8220; global_colors_info=&#8220;{}&#8220; theme_builder_area=&#8220;post_content&#8220;][et_pb_image src=&#8220;https:\/\/eichenauer-schuetzen.de\/wp-content\/uploads\/2023\/05\/IMG_8054-rotated.jpg&#8220; title_text=&#8220;IMG_8054&#8243; _builder_version=&#8220;4.21.0&#8243; _module_preset=&#8220;default&#8220; hover_enabled=&#8220;0&#8243; global_colors_info=&#8220;{}&#8220; theme_builder_area=&#8220;post_content&#8220; sticky_enabled=&#8220;0&#8243; show_in_lightbox=&#8220;on&#8220;][\/et_pb_image][\/et_pb_column][et_pb_column type=&#8220;1_3&#8243; _builder_version=&#8220;4.20.2&#8243; _module_preset=&#8220;default&#8220; global_colors_info=&#8220;{}&#8220; theme_builder_area=&#8220;post_content&#8220;][et_pb_image src=&#8220;https:\/\/eichenauer-schuetzen.de\/wp-content\/uploads\/2023\/05\/IMG_8058.jpg&#8220; title_text=&#8220;IMG_8058&#8243; _builder_version=&#8220;4.21.0&#8243; _module_preset=&#8220;default&#8220; hover_enabled=&#8220;0&#8243; global_colors_info=&#8220;{}&#8220; theme_builder_area=&#8220;post_content&#8220; sticky_enabled=&#8220;0&#8243; show_in_lightbox=&#8220;on&#8220;][\/et_pb_image][\/et_pb_column][et_pb_column type=&#8220;1_3&#8243; _builder_version=&#8220;4.20.2&#8243; _module_preset=&#8220;default&#8220; global_colors_info=&#8220;{}&#8220; theme_builder_area=&#8220;post_content&#8220;][et_pb_image src=&#8220;https:\/\/eichenauer-schuetzen.de\/wp-content\/uploads\/2023\/05\/IMG_8055-rotated.jpg&#8220; title_text=&#8220;IMG_8055&#8243; _builder_version=&#8220;4.21.0&#8243; _module_preset=&#8220;default&#8220; hover_enabled=&#8220;0&#8243; global_colors_info=&#8220;{}&#8220; theme_builder_area=&#8220;post_content&#8220; sticky_enabled=&#8220;0&#8243; show_in_lightbox=&#8220;on&#8220;][\/et_pb_image][\/et_pb_column][\/et_pb_row][\/et_pb_section]\n","protected":false},"excerpt":{"rendered":"<p>Volksfestschie\u00dfen 2023 Im Zusammenhang mit dem Puchheimer Volksfest haben die drei Sch\u00fctzenvereine Gamsj\u00e4ger Puchheim, Eintracht Puchheim und Immergr\u00fcn Eichenau den Wettbewerb um den seit 1997 j\u00e4hrlich ausgeschossenen Wanderpokal \u201eVolksfestschie\u00dfen\u201c diesmal wieder in Eichenau durchgef\u00fchrt. Bei der Siegerehrung in unserem Vereinsheim hat der 1. Sch\u00fctzenmeister Claus Guttenthaler zus\u00e4tzlich zum Wanderpokal wundersch\u00f6ne Glaspokale \u00fcberreicht. Das beste Ergebnis [&hellip;]<\/p>\n","protected":false},"author":1,"featured_media":1618,"comment_status":"closed","ping_status":"closed","sticky":false,"template":"","format":"standard","meta":{"_et_pb_use_builder":"on","_et_pb_old_content":"","_et_gb_content_width":"","footnotes":""},"categories":[1],"tags":[],"class_list":["post-1617","post","type-post","status-publish","format-standard","has-post-thumbnail","hentry","category-allgemein"],"_links":{"self":[{"href":"https:\/\/eichenauer-schuetzen.de\/index.php?rest_route=\/wp\/v2\/posts\/1617","targetHints":{"allow":["GET"]}}],"collection":[{"href":"https:\/\/eichenauer-schuetzen.de\/index.php?rest_route=\/wp\/v2\/posts"}],"about":[{"href":"https:\/\/eichenauer-schuetzen.de\/index.php?rest_route=\/wp\/v2\/types\/post"}],"author":[{"embeddable":true,"href":"https:\/\/eichenauer-schuetzen.de\/index.php?rest_route=\/wp\/v2\/users\/1"}],"replies":[{"embeddable":true,"href":"https:\/\/eichenauer-schuetzen.de\/index.php?rest_route=%2Fwp%2Fv2%2Fcomments&post=1617"}],"version-history":[{"count":9,"href":"https:\/\/eichenauer-schuetzen.de\/index.php?rest_route=\/wp\/v2\/posts\/1617\/revisions"}],"predecessor-version":[{"id":1632,"href":"https:\/\/eichenauer-schuetzen.de\/index.php?rest_route=\/wp\/v2\/posts\/1617\/revisions\/1632"}],"wp:featuredmedia":[{"embeddable":true,"href":"https:\/\/eichenauer-schuetzen.de\/index.php?rest_route=\/wp\/v2\/media\/1618"}],"wp:attachment":[{"href":"https:\/\/eichenauer-schuetzen.de\/index.php?rest_route=%2Fwp%2Fv2%2Fmedia&parent=1617"}],"wp:term":[{"taxonomy":"category","embeddable":true,"href":"https:\/\/eichenauer-schuetzen.de\/index.php?rest_route=%2Fwp%2Fv2%2Fcategories&post=1617"},{"taxonomy":"post_tag","embeddable":true,"href":"https:\/\/eichenauer-schuetzen.de\/index.php?rest_route=%2Fwp%2Fv2%2Ftags&post=1617"}],"curies":[{"name":"wp","href":"https:\/\/api.w.org\/{rel}","templated":true}]}}