{"id":1733,"date":"2023-12-21T23:13:24","date_gmt":"2023-12-21T22:13:24","guid":{"rendered":"https:\/\/eichenauer-schuetzen.de\/?p=1733"},"modified":"2023-12-21T23:14:00","modified_gmt":"2023-12-21T22:14:00","slug":"weihnachtsfeier-mit-koenigsproklamationgrillfest-2023","status":"publish","type":"post","link":"https:\/\/eichenauer-schuetzen.de\/?p=1733","title":{"rendered":"Weihnachtsfeier mit K\u00f6nigsproklamationGrillfest 2023"},"content":{"rendered":"\n[et_pb_section fb_built=&#8220;1&#8243; _builder_version=&#8220;4.16&#8243; global_colors_info=&#8220;{}&#8220; theme_builder_area=&#8220;post_content&#8220;][et_pb_row column_structure=&#8220;3_5,2_5&#8243; _builder_version=&#8220;4.16&#8243; global_colors_info=&#8220;{}&#8220; theme_builder_area=&#8220;post_content&#8220;][et_pb_column type=&#8220;3_5&#8243; _builder_version=&#8220;4.16&#8243; global_colors_info=&#8220;{}&#8220; theme_builder_area=&#8220;post_content&#8220;][et_pb_text _builder_version=&#8220;4.23.2&#8243; header_text_color=&#8220;#0c5114&#8243; header_4_text_color=&#8220;#0c5114&#8243; hover_enabled=&#8220;0&#8243; global_colors_info=&#8220;{}&#8220; theme_builder_area=&#8220;post_content&#8220; sticky_enabled=&#8220;0&#8243;]<h4>Weihnachtsfeier mit K\u00f6nigsproklamation 2023<\/h4>\n<p>Am 17.12.23 fand unsere traditionelle Weihnachtsfeier im festlich geschm\u00fcckten kleinen Saal der Friesenhalle statt.<br \/>Zu Besinnlichkeit und zum Nachdenken regten einige Kurzgeschichten an, vorgetragen durch unsere Sch\u00fctzenmeister.<br \/>Unterhaltsam war das gezeigte Video der &#8222;3 Ten\u00f6re&#8220;, aufgezeichnet bei einer Vorf\u00fchrung auf unserer Weihnachtsfeier vor 20 Jahren.<br \/>Der H\u00f6hepunkt des Abends war schlie\u00dflich unsere traditionelle K\u00f6nigsproklamation.<br \/>Wir bedanken uns f\u00fcr ein sch\u00f6nes gemeinsames Jahr 2023 und w\u00fcnschen Euch und Euren Familien besinnliche Festtage und einen guten Start ins neue Jahr 2024!<\/p>\n<p>&nbsp;<\/p>[\/et_pb_text][et_pb_image src=&#8220;https:\/\/eichenauer-schuetzen.de\/wp-content\/uploads\/2023\/12\/DSCF2333-bearbeitet-scaled.jpg&#8220; title_text=&#8220;DSCF2333 &#8211; bearbeitet&#8220; show_in_lightbox=&#8220;on&#8220; _builder_version=&#8220;4.23.2&#8243; _module_preset=&#8220;default&#8220; hover_enabled=&#8220;0&#8243; global_colors_info=&#8220;{}&#8220; theme_builder_area=&#8220;post_content&#8220; sticky_enabled=&#8220;0&#8243;][\/et_pb_image][et_pb_text _builder_version=&#8220;4.23.2&#8243; _module_preset=&#8220;default&#8220; theme_builder_area=&#8220;post_content&#8220; hover_enabled=&#8220;0&#8243; sticky_enabled=&#8220;0&#8243;]<p><span style=\"color: #808080;\">2. Sch\u00fctzenmeisterin Leni R\u00f6\u00dfler und 1. Sch\u00fctzenmeister Claus Guttenthaler mit unseren K\u00f6niginnen und K\u00f6nigen (von links nach rechts):<\/span><\/p>\n<p><span style=\"color: #808080;\">Sch\u00fctzenk\u00f6nig \u2013 Marco Maffei\u00a0 \u00a0 \u00a0 \u00a0 \u00a0 \u00a0 \u00a0 \u00a0 Auflagek\u00f6nig \u2013 Franz Hoppmair<br \/>Damenk\u00f6nigin \u2013 Caro Maffei\u00a0 \u00a0 \u00a0 \u00a0 \u00a0 \u00a0 \u00a0 \u00a0 \u00a0 \u00a0Pistolenk\u00f6nig \u2013 Andreas Pilz<br \/>Jugendk\u00f6nigin \u2013 Hanni R\u00f6\u00dfler<br \/><\/span><\/p>[\/et_pb_text][\/et_pb_column][et_pb_column type=&#8220;2_5&#8243; _builder_version=&#8220;4.16&#8243; global_colors_info=&#8220;{}&#8220; theme_builder_area=&#8220;post_content&#8220;][et_pb_image src=&#8220;https:\/\/eichenauer-schuetzen.de\/wp-content\/uploads\/2023\/12\/DSCF2327-bearbeitet.jpg&#8220; title_text=&#8220;DSCF2327 &#8211; bearbeitet&#8220; show_in_lightbox=&#8220;on&#8220; _builder_version=&#8220;4.23.2&#8243; _module_preset=&#8220;default&#8220; hover_enabled=&#8220;0&#8243; global_colors_info=&#8220;{}&#8220; theme_builder_area=&#8220;post_content&#8220; sticky_enabled=&#8220;0&#8243;][\/et_pb_image][et_pb_image src=&#8220;https:\/\/eichenauer-schuetzen.de\/wp-content\/uploads\/2023\/12\/DSCF2284-scaled.jpg&#8220; _builder_version=&#8220;4.23.2&#8243; _module_preset=&#8220;default&#8220; theme_builder_area=&#8220;post_content&#8220; title_text=&#8220;DSCF2284&#8243; hover_enabled=&#8220;0&#8243; sticky_enabled=&#8220;0&#8243; show_in_lightbox=&#8220;on&#8220;][\/et_pb_image][et_pb_image src=&#8220;https:\/\/eichenauer-schuetzen.de\/wp-content\/uploads\/2023\/12\/DSCF2287-scaled.jpg&#8220; _builder_version=&#8220;4.23.2&#8243; _module_preset=&#8220;default&#8220; theme_builder_area=&#8220;post_content&#8220; hover_enabled=&#8220;0&#8243; sticky_enabled=&#8220;0&#8243; title_text=&#8220;DSCF2287&#8243; show_in_lightbox=&#8220;on&#8220;][\/et_pb_image][\/et_pb_column][\/et_pb_row][et_pb_row _builder_version=&#8220;4.22.2&#8243; _module_preset=&#8220;default&#8220; global_colors_info=&#8220;{}&#8220; theme_builder_area=&#8220;post_content&#8220;][et_pb_column type=&#8220;4_4&#8243; _builder_version=&#8220;4.20.2&#8243; _module_preset=&#8220;default&#8220; global_colors_info=&#8220;{}&#8220; theme_builder_area=&#8220;post_content&#8220;][et_pb_image src=&#8220;https:\/\/eichenauer-schuetzen.de\/wp-content\/uploads\/2023\/12\/DSCF2286-bearbeitet-scaled.jpg&#8220; _builder_version=&#8220;4.23.2&#8243; _module_preset=&#8220;default&#8220; theme_builder_area=&#8220;post_content&#8220; title_text=&#8220;DSCF2286 &#8211; bearbeitet&#8220; hover_enabled=&#8220;0&#8243; sticky_enabled=&#8220;0&#8243; show_in_lightbox=&#8220;on&#8220;][\/et_pb_image][\/et_pb_column][\/et_pb_row][\/et_pb_section]\n","protected":false},"excerpt":{"rendered":"<p>Weihnachtsfeier mit K\u00f6nigsproklamation 2023 Am 17.12.23 fand unsere traditionelle Weihnachtsfeier im festlich geschm\u00fcckten kleinen Saal der Friesenhalle statt.Zu Besinnlichkeit und zum Nachdenken regten einige Kurzgeschichten an, vorgetragen durch unsere Sch\u00fctzenmeister.Unterhaltsam war das gezeigte Video der &#8222;3 Ten\u00f6re&#8220;, aufgezeichnet bei einer Vorf\u00fchrung auf unserer Weihnachtsfeier vor 20 Jahren.Der H\u00f6hepunkt des Abends war schlie\u00dflich unsere traditionelle K\u00f6nigsproklamation.Wir [&hellip;]<\/p>\n","protected":false},"author":1,"featured_media":1738,"comment_status":"closed","ping_status":"closed","sticky":false,"template":"","format":"standard","meta":{"_et_pb_use_builder":"on","_et_pb_old_content":"","_et_gb_content_width":"","footnotes":""},"categories":[1],"tags":[],"class_list":["post-1733","post","type-post","status-publish","format-standard","has-post-thumbnail","hentry","category-allgemein"],"_links":{"self":[{"href":"https:\/\/eichenauer-schuetzen.de\/index.php?rest_route=\/wp\/v2\/posts\/1733","targetHints":{"allow":["GET"]}}],"collection":[{"href":"https:\/\/eichenauer-schuetzen.de\/index.php?rest_route=\/wp\/v2\/posts"}],"about":[{"href":"https:\/\/eichenauer-schuetzen.de\/index.php?rest_route=\/wp\/v2\/types\/post"}],"author":[{"embeddable":true,"href":"https:\/\/eichenauer-schuetzen.de\/index.php?rest_route=\/wp\/v2\/users\/1"}],"replies":[{"embeddable":true,"href":"https:\/\/eichenauer-schuetzen.de\/index.php?rest_route=%2Fwp%2Fv2%2Fcomments&post=1733"}],"version-history":[{"count":4,"href":"https:\/\/eichenauer-schuetzen.de\/index.php?rest_route=\/wp\/v2\/posts\/1733\/revisions"}],"predecessor-version":[{"id":1743,"href":"https:\/\/eichenauer-schuetzen.de\/index.php?rest_route=\/wp\/v2\/posts\/1733\/revisions\/1743"}],"wp:featuredmedia":[{"embeddable":true,"href":"https:\/\/eichenauer-schuetzen.de\/index.php?rest_route=\/wp\/v2\/media\/1738"}],"wp:attachment":[{"href":"https:\/\/eichenauer-schuetzen.de\/index.php?rest_route=%2Fwp%2Fv2%2Fmedia&parent=1733"}],"wp:term":[{"taxonomy":"category","embeddable":true,"href":"https:\/\/eichenauer-schuetzen.de\/index.php?rest_route=%2Fwp%2Fv2%2Fcategories&post=1733"},{"taxonomy":"post_tag","embeddable":true,"href":"https:\/\/eichenauer-schuetzen.de\/index.php?rest_route=%2Fwp%2Fv2%2Ftags&post=1733"}],"curies":[{"name":"wp","href":"https:\/\/api.w.org\/{rel}","templated":true}]}}