{"id":1978,"date":"2025-04-04T13:24:44","date_gmt":"2025-04-04T11:24:44","guid":{"rendered":"https:\/\/eichenauer-schuetzen.de\/?p=1978"},"modified":"2026-01-09T13:43:39","modified_gmt":"2026-01-09T12:43:39","slug":"jahreshauptversammlung-2025","status":"publish","type":"post","link":"https:\/\/eichenauer-schuetzen.de\/?p=1978","title":{"rendered":"Jahreshauptversammlung 2025"},"content":{"rendered":"<p>[et_pb_section fb_built=&#8220;1&#8243; _builder_version=&#8220;4.27.4&#8243; _module_preset=&#8220;default&#8220; global_colors_info=&#8220;{}&#8220; theme_builder_area=&#8220;post_content&#8220;][et_pb_row _builder_version=&#8220;4.27.4&#8243; _module_preset=&#8220;default&#8220; global_colors_info=&#8220;{}&#8220; theme_builder_area=&#8220;post_content&#8220;][et_pb_column type=&#8220;4_4&#8243; _builder_version=&#8220;4.27.4&#8243; _module_preset=&#8220;default&#8220; global_colors_info=&#8220;{}&#8220; theme_builder_area=&#8220;post_content&#8220;][et_pb_heading title=&#8220;Jahreshauptversammlung 2025&#8243; _builder_version=&#8220;4.27.4&#8243; _module_preset=&#8220;default&#8220; title_level=&#8220;h4&#8243; title_text_color=&#8220;#0C5114&#8243; global_colors_info=&#8220;{}&#8220; theme_builder_area=&#8220;post_content&#8220;][\/et_pb_heading][et_pb_text _builder_version=&#8220;4.27.4&#8243; _module_preset=&#8220;default&#8220; global_colors_info=&#8220;{}&#8220; theme_builder_area=&#8220;post_content&#8220;]<\/p>\n<p>Die Sch\u00fctzengesellschaft Immergr\u00fcn Eichenau von 1920 e.V. hat in dieser JHV eine neue Vorstandschaft gew\u00e4hlt.<\/p>\n<p>Auf dem Foto von links nach rechts:<\/p>\n<p>Benjamin Djebali (2. Sch\u00fctzenmeister), Markus Schneider (Beisitzer, B\u00f6llergruppe), Inge Hoffmann (Schriftf\u00fchrung), Benjamin G\u00f6tzenberger (Beisitzer, B\u00f6llergruppe), Alois Schie\u00dfl (Beisitzer), Claus Guttenthaler (1. Sch\u00fctzenmeister), Anian Adler (Schatzmeister), Lutz Rejek (Beisitzer)<\/p>\n<p>Nicht auf dem Foto: Marco Maffei (1. Sportleiter), Stefan Zimmermann (2. Sportleiter), Andreas Pilz (Beisitzer)<\/p>\n<p>[\/et_pb_text][et_pb_image src=&#8220;https:\/\/eichenauer-schuetzen.de\/wp-content\/uploads\/2026\/01\/Vorstand-2025-1-scaled.jpg&#8220; title_text=&#8220;Vorstand 2025 (1)&#8220; _builder_version=&#8220;4.27.4&#8243; _module_preset=&#8220;default&#8220; width=&#8220;90%&#8220; module_alignment=&#8220;center&#8220; global_colors_info=&#8220;{}&#8220; theme_builder_area=&#8220;post_content&#8220;][\/et_pb_image][et_pb_text _builder_version=&#8220;4.27.4&#8243; _module_preset=&#8220;default&#8220; custom_padding=&#8220;||0px|||&#8220; global_colors_info=&#8220;{}&#8220; theme_builder_area=&#8220;post_content&#8220;]<\/p>\n<p>Au\u00dferdem wurden unsere Vereins- und Blattlmeister 2024 sowie die Gewinner der Jahrespreiswertung 2023 geehrt, Platzierungen siehe auch:<\/p>\n<p>Jahresbericht 2024<\/p>\n<p>[\/et_pb_text][\/et_pb_column][\/et_pb_row][\/et_pb_section]<\/p>\n","protected":false},"excerpt":{"rendered":"<p>Die Sch\u00fctzengesellschaft Immergr\u00fcn Eichenau von 1920 e.V. hat in dieser JHV eine neue Vorstandschaft gew\u00e4hlt. Auf dem Foto von links nach rechts: Benjamin Djebali (2. Sch\u00fctzenmeister), Markus Schneider (Beisitzer, B\u00f6llergruppe), Inge Hoffmann (Schriftf\u00fchrung), Benjamin G\u00f6tzenberger (Beisitzer, B\u00f6llergruppe), Alois Schie\u00dfl (Beisitzer), Claus Guttenthaler (1. Sch\u00fctzenmeister), Anian Adler (Schatzmeister), Lutz Rejek (Beisitzer) Nicht auf dem Foto: Marco [&hellip;]<\/p>\n","protected":false},"author":1,"featured_media":1971,"comment_status":"open","ping_status":"open","sticky":false,"template":"","format":"standard","meta":{"_et_pb_use_builder":"on","_et_pb_old_content":"","_et_gb_content_width":"","footnotes":""},"categories":[1],"tags":[],"class_list":["post-1978","post","type-post","status-publish","format-standard","has-post-thumbnail","hentry","category-allgemein"],"_links":{"self":[{"href":"https:\/\/eichenauer-schuetzen.de\/index.php?rest_route=\/wp\/v2\/posts\/1978","targetHints":{"allow":["GET"]}}],"collection":[{"href":"https:\/\/eichenauer-schuetzen.de\/index.php?rest_route=\/wp\/v2\/posts"}],"about":[{"href":"https:\/\/eichenauer-schuetzen.de\/index.php?rest_route=\/wp\/v2\/types\/post"}],"author":[{"embeddable":true,"href":"https:\/\/eichenauer-schuetzen.de\/index.php?rest_route=\/wp\/v2\/users\/1"}],"replies":[{"embeddable":true,"href":"https:\/\/eichenauer-schuetzen.de\/index.php?rest_route=%2Fwp%2Fv2%2Fcomments&post=1978"}],"version-history":[{"count":5,"href":"https:\/\/eichenauer-schuetzen.de\/index.php?rest_route=\/wp\/v2\/posts\/1978\/revisions"}],"predecessor-version":[{"id":1984,"href":"https:\/\/eichenauer-schuetzen.de\/index.php?rest_route=\/wp\/v2\/posts\/1978\/revisions\/1984"}],"wp:featuredmedia":[{"embeddable":true,"href":"https:\/\/eichenauer-schuetzen.de\/index.php?rest_route=\/wp\/v2\/media\/1971"}],"wp:attachment":[{"href":"https:\/\/eichenauer-schuetzen.de\/index.php?rest_route=%2Fwp%2Fv2%2Fmedia&parent=1978"}],"wp:term":[{"taxonomy":"category","embeddable":true,"href":"https:\/\/eichenauer-schuetzen.de\/index.php?rest_route=%2Fwp%2Fv2%2Fcategories&post=1978"},{"taxonomy":"post_tag","embeddable":true,"href":"https:\/\/eichenauer-schuetzen.de\/index.php?rest_route=%2Fwp%2Fv2%2Ftags&post=1978"}],"curies":[{"name":"wp","href":"https:\/\/api.w.org\/{rel}","templated":true}]}}