{"id":1986,"date":"2025-12-23T13:41:53","date_gmt":"2025-12-23T12:41:53","guid":{"rendered":"https:\/\/eichenauer-schuetzen.de\/?p=1986"},"modified":"2026-01-09T13:44:07","modified_gmt":"2026-01-09T12:44:07","slug":"weihnachtsfeier-mit-koenigsproklamation-2025","status":"publish","type":"post","link":"https:\/\/eichenauer-schuetzen.de\/?p=1986","title":{"rendered":"Weihnachtsfeier mit K\u00f6nigsproklamation 2025"},"content":{"rendered":"<p>[et_pb_section fb_built=&#8220;1&#8243; theme_builder_area=&#8220;post_content&#8220; _builder_version=&#8220;4.27.4&#8243; _module_preset=&#8220;default&#8220;][et_pb_row _builder_version=&#8220;4.27.4&#8243; _module_preset=&#8220;default&#8220; theme_builder_area=&#8220;post_content&#8220; custom_padding=&#8220;||108px|||&#8220; hover_enabled=&#8220;0&#8243; sticky_enabled=&#8220;0&#8243;][et_pb_column _builder_version=&#8220;4.27.4&#8243; _module_preset=&#8220;default&#8220; type=&#8220;4_4&#8243; theme_builder_area=&#8220;post_content&#8220;][et_pb_heading title=&#8220;Weihnachtsfeier mit K\u00f6nigsproklamation 2025&#8243; _builder_version=&#8220;4.27.4&#8243; _module_preset=&#8220;default&#8220; theme_builder_area=&#8220;post_content&#8220; title_level=&#8220;h4&#8243; title_text_color=&#8220;#0C5114&#8243; hover_enabled=&#8220;0&#8243; sticky_enabled=&#8220;0&#8243;][\/et_pb_heading][et_pb_text _builder_version=&#8220;4.27.4&#8243; _module_preset=&#8220;default&#8220; theme_builder_area=&#8220;post_content&#8220; hover_enabled=&#8220;0&#8243; sticky_enabled=&#8220;0&#8243;]<\/p>\n<p>Auch im Rahmen der diesj\u00e4hrigen Weihnachtsfeier stand ein besonderer H\u00f6hepunkt auf dem Programm: die feierliche Proklamation der Sch\u00fctzenk\u00f6nige 2026. In stimmungsvoller Atmosph\u00e4re wurden die besten Sch\u00fctzinnen und Sch\u00fctzen geehrt, die sich mit ruhiger Hand, Konzentration und Treffsicherheit durchsetzen konnten. Die K\u00f6nigsw\u00fcrde ist nicht nur Ausdruck sportlicher Leistung, sondern auch ein Zeichen f\u00fcr Engagement und Verbundenheit mit unserem Verein. Gemeinsam mit zahlreichen Mitgliedern wurde dieser traditionsreiche Moment geb\u00fchrend gefeiert und bildete einen w\u00fcrdigen Abschluss des Abends.<\/p>\n<p>[\/et_pb_text][et_pb_image src=&#8220;https:\/\/eichenauer-schuetzen.de\/wp-content\/uploads\/2026\/01\/Schuetzenkoenige-2026-scaled.jpeg&#8220; _builder_version=&#8220;4.27.4&#8243; _module_preset=&#8220;default&#8220; theme_builder_area=&#8220;post_content&#8220; title_text=&#8220;Sch\u00fctzenk\u00f6nige 2026&#8243; width=&#8220;90%&#8220; module_alignment=&#8220;left&#8220; hover_enabled=&#8220;0&#8243; sticky_enabled=&#8220;0&#8243;][\/et_pb_image][et_pb_text _builder_version=&#8220;4.27.4&#8243; _module_preset=&#8220;default&#8220; theme_builder_area=&#8220;post_content&#8220; hover_enabled=&#8220;0&#8243; sticky_enabled=&#8220;0&#8243;]<\/p>\n<p>v.l.n.r.:<\/p>\n<p>Pistolenk\u00f6nig \u2013 Markus Schneider<\/p>\n<p>Damenk\u00f6nigin \u2013 Carolin Maffei<br \/>Sch\u00fctzenk\u00f6nig \u2013 Marco Maffei<\/p>\n<p>Auflagek\u00f6nig \u2013 Claus Guttenthaler<\/p>\n<p>[\/et_pb_text][\/et_pb_column][\/et_pb_row][\/et_pb_section]<\/p>\n","protected":false},"excerpt":{"rendered":"<p>Auch im Rahmen der diesj\u00e4hrigen Weihnachtsfeier stand ein besonderer H\u00f6hepunkt auf dem Programm: die feierliche Proklamation der Sch\u00fctzenk\u00f6nige 2026. In stimmungsvoller Atmosph\u00e4re wurden die besten Sch\u00fctzinnen und Sch\u00fctzen geehrt, die sich mit ruhiger Hand, Konzentration und Treffsicherheit durchsetzen konnten. Die K\u00f6nigsw\u00fcrde ist nicht nur Ausdruck sportlicher Leistung, sondern auch ein Zeichen f\u00fcr Engagement und Verbundenheit [&hellip;]<\/p>\n","protected":false},"author":1,"featured_media":1988,"comment_status":"open","ping_status":"open","sticky":false,"template":"","format":"standard","meta":{"_et_pb_use_builder":"on","_et_pb_old_content":"","_et_gb_content_width":"","footnotes":""},"categories":[1],"tags":[],"class_list":["post-1986","post","type-post","status-publish","format-standard","has-post-thumbnail","hentry","category-allgemein"],"_links":{"self":[{"href":"https:\/\/eichenauer-schuetzen.de\/index.php?rest_route=\/wp\/v2\/posts\/1986","targetHints":{"allow":["GET"]}}],"collection":[{"href":"https:\/\/eichenauer-schuetzen.de\/index.php?rest_route=\/wp\/v2\/posts"}],"about":[{"href":"https:\/\/eichenauer-schuetzen.de\/index.php?rest_route=\/wp\/v2\/types\/post"}],"author":[{"embeddable":true,"href":"https:\/\/eichenauer-schuetzen.de\/index.php?rest_route=\/wp\/v2\/users\/1"}],"replies":[{"embeddable":true,"href":"https:\/\/eichenauer-schuetzen.de\/index.php?rest_route=%2Fwp%2Fv2%2Fcomments&post=1986"}],"version-history":[{"count":3,"href":"https:\/\/eichenauer-schuetzen.de\/index.php?rest_route=\/wp\/v2\/posts\/1986\/revisions"}],"predecessor-version":[{"id":1990,"href":"https:\/\/eichenauer-schuetzen.de\/index.php?rest_route=\/wp\/v2\/posts\/1986\/revisions\/1990"}],"wp:featuredmedia":[{"embeddable":true,"href":"https:\/\/eichenauer-schuetzen.de\/index.php?rest_route=\/wp\/v2\/media\/1988"}],"wp:attachment":[{"href":"https:\/\/eichenauer-schuetzen.de\/index.php?rest_route=%2Fwp%2Fv2%2Fmedia&parent=1986"}],"wp:term":[{"taxonomy":"category","embeddable":true,"href":"https:\/\/eichenauer-schuetzen.de\/index.php?rest_route=%2Fwp%2Fv2%2Fcategories&post=1986"},{"taxonomy":"post_tag","embeddable":true,"href":"https:\/\/eichenauer-schuetzen.de\/index.php?rest_route=%2Fwp%2Fv2%2Ftags&post=1986"}],"curies":[{"name":"wp","href":"https:\/\/api.w.org\/{rel}","templated":true}]}}