{"id":2014,"date":"2025-05-17T13:54:03","date_gmt":"2025-05-17T11:54:03","guid":{"rendered":"https:\/\/eichenauer-schuetzen.de\/?p=2014"},"modified":"2026-01-13T14:56:22","modified_gmt":"2026-01-13T13:56:22","slug":"armbrustschiessen-2025","status":"publish","type":"post","link":"https:\/\/eichenauer-schuetzen.de\/?p=2014","title":{"rendered":"Armbrustschie\u00dfen 2025"},"content":{"rendered":"<p>[et_pb_section fb_built=&#8220;1&#8243; _builder_version=&#8220;4.27.4&#8243; _module_preset=&#8220;default&#8220; global_colors_info=&#8220;{}&#8220; theme_builder_area=&#8220;post_content&#8220;][et_pb_row _builder_version=&#8220;4.27.4&#8243; _module_preset=&#8220;default&#8220; global_colors_info=&#8220;{}&#8220; theme_builder_area=&#8220;post_content&#8220;][et_pb_column type=&#8220;4_4&#8243; _builder_version=&#8220;4.27.4&#8243; _module_preset=&#8220;default&#8220; global_colors_info=&#8220;{}&#8220; theme_builder_area=&#8220;post_content&#8220;][et_pb_heading title=&#8220;Armbrustschie\u00dfen bei der Armbrustsch\u00fctzengilde Winzerer Fahndl&#8220; _builder_version=&#8220;4.27.4&#8243; _module_preset=&#8220;default&#8220; title_level=&#8220;h4&#8243; title_text_color=&#8220;#0C5114&#8243; global_colors_info=&#8220;{}&#8220; theme_builder_area=&#8220;post_content&#8220;][\/et_pb_heading][\/et_pb_column][\/et_pb_row][et_pb_row column_structure=&#8220;1_2,1_2&#8243; _builder_version=&#8220;4.27.4&#8243; _module_preset=&#8220;default&#8220; global_colors_info=&#8220;{}&#8220; theme_builder_area=&#8220;post_content&#8220;][et_pb_column type=&#8220;1_2&#8243; _builder_version=&#8220;4.27.4&#8243; _module_preset=&#8220;default&#8220; global_colors_info=&#8220;{}&#8220; theme_builder_area=&#8220;post_content&#8220;][et_pb_image src=&#8220;https:\/\/eichenauer-schuetzen.de\/wp-content\/uploads\/2026\/01\/Armbrustschiessen-2025-43.jpg&#8220; title_text=&#8220;Armbrustschie\u00dfen 2025 (43)&#8220; _builder_version=&#8220;4.27.4&#8243; _module_preset=&#8220;default&#8220; global_colors_info=&#8220;{}&#8220; theme_builder_area=&#8220;post_content&#8220;][\/et_pb_image][\/et_pb_column][et_pb_column type=&#8220;1_2&#8243; _builder_version=&#8220;4.27.4&#8243; _module_preset=&#8220;default&#8220; global_colors_info=&#8220;{}&#8220; theme_builder_area=&#8220;post_content&#8220;][et_pb_text _builder_version=&#8220;4.27.4&#8243; _module_preset=&#8220;default&#8220; global_colors_info=&#8220;{}&#8220; theme_builder_area=&#8220;post_content&#8220;]<\/p>\n<p>Mit einer Abordnung unserer Mitglieder nahmen wir an einem Trainingsnachmittag im Rahmen des traditionellen Adlerschie\u00dfens teil. Dabei handelt es sich um ein gemeinsames Training, bei dem der sichere Umgang mit der Armbrust und das besondere Schie\u00dferlebnis im Vordergrund stehen. Geschossen wird mit der Armbrust auf einen h\u00f6lzernen Adler, bzw. einen Trainingsstern der in rund 30 Metern H\u00f6he aufgeh\u00e4ngt ist. Die dabei eingesetzte Armbrust verf\u00fcgt \u00fcber eine Zugkraft von etwa einer Tonne, wiegt rund 15 Kilogramm und verschie\u00dft knapp 500 Gramm schwere Bolzen \u2013 eine eindrucksvolle Kombination, was diese Disziplin sowohl technisch als auch k\u00f6rperlich \u00e4u\u00dferst anspruchsvoll macht.<\/p>\n<p>Zu Gast waren wir bei der Gilde Winzerer Fahndl, bei der wir uns herzlich f\u00fcr die Einladung, die hervorragende Betreuung und die freundliche Gastfreundschaft bedanken m\u00f6chten. Zus\u00e4tzlich bestand die M\u00f6glichkeit, das klassische Armbrustschie\u00dfen auf 10 Meter zu trainieren, was von vielen Teilnehmerinnen und Teilnehmern gerne angenommen wurde.<\/p>\n<p>Den gelungenen Trainingsabend lie\u00dfen wir anschlie\u00dfend in geselliger Runde bei einer sch\u00f6nen Brotzeit ausklingen.<\/p>\n<p>[\/et_pb_text][\/et_pb_column][\/et_pb_row][\/et_pb_section][et_pb_section fb_built=&#8220;1&#8243; _builder_version=&#8220;4.27.4&#8243; _module_preset=&#8220;default&#8220; global_colors_info=&#8220;{}&#8220; theme_builder_area=&#8220;post_content&#8220;][et_pb_row _builder_version=&#8220;4.27.4&#8243; _module_preset=&#8220;default&#8220; global_colors_info=&#8220;{}&#8220; theme_builder_area=&#8220;post_content&#8220;][et_pb_column type=&#8220;4_4&#8243; _builder_version=&#8220;4.27.4&#8243; _module_preset=&#8220;default&#8220; global_colors_info=&#8220;{}&#8220; theme_builder_area=&#8220;post_content&#8220;][et_pb_image src=&#8220;https:\/\/eichenauer-schuetzen.de\/wp-content\/uploads\/2026\/01\/Armbrustschiessen-2025-27.jpg&#8220; title_text=&#8220;Armbrustschie\u00dfen 2025 (27)&#8220; _builder_version=&#8220;4.27.4&#8243; _module_preset=&#8220;default&#8220; global_colors_info=&#8220;{}&#8220; theme_builder_area=&#8220;post_content&#8220;][\/et_pb_image][\/et_pb_column][\/et_pb_row][\/et_pb_section]<\/p>\n","protected":false},"excerpt":{"rendered":"<p>Mit einer Abordnung unserer Mitglieder nahmen wir an einem Trainingsnachmittag im Rahmen des traditionellen Adlerschie\u00dfens teil. Dabei handelt es sich um ein gemeinsames Training, bei dem der sichere Umgang mit der Armbrust und das besondere Schie\u00dferlebnis im Vordergrund stehen. Geschossen wird mit der Armbrust auf einen h\u00f6lzernen Adler, bzw. einen Trainingsstern der in rund 30 [&hellip;]<\/p>\n","protected":false},"author":1,"featured_media":2018,"comment_status":"open","ping_status":"open","sticky":false,"template":"","format":"standard","meta":{"_et_pb_use_builder":"on","_et_pb_old_content":"","_et_gb_content_width":"","footnotes":""},"categories":[1],"tags":[],"class_list":["post-2014","post","type-post","status-publish","format-standard","has-post-thumbnail","hentry","category-allgemein"],"_links":{"self":[{"href":"https:\/\/eichenauer-schuetzen.de\/index.php?rest_route=\/wp\/v2\/posts\/2014","targetHints":{"allow":["GET"]}}],"collection":[{"href":"https:\/\/eichenauer-schuetzen.de\/index.php?rest_route=\/wp\/v2\/posts"}],"about":[{"href":"https:\/\/eichenauer-schuetzen.de\/index.php?rest_route=\/wp\/v2\/types\/post"}],"author":[{"embeddable":true,"href":"https:\/\/eichenauer-schuetzen.de\/index.php?rest_route=\/wp\/v2\/users\/1"}],"replies":[{"embeddable":true,"href":"https:\/\/eichenauer-schuetzen.de\/index.php?rest_route=%2Fwp%2Fv2%2Fcomments&post=2014"}],"version-history":[{"count":3,"href":"https:\/\/eichenauer-schuetzen.de\/index.php?rest_route=\/wp\/v2\/posts\/2014\/revisions"}],"predecessor-version":[{"id":2021,"href":"https:\/\/eichenauer-schuetzen.de\/index.php?rest_route=\/wp\/v2\/posts\/2014\/revisions\/2021"}],"wp:featuredmedia":[{"embeddable":true,"href":"https:\/\/eichenauer-schuetzen.de\/index.php?rest_route=\/wp\/v2\/media\/2018"}],"wp:attachment":[{"href":"https:\/\/eichenauer-schuetzen.de\/index.php?rest_route=%2Fwp%2Fv2%2Fmedia&parent=2014"}],"wp:term":[{"taxonomy":"category","embeddable":true,"href":"https:\/\/eichenauer-schuetzen.de\/index.php?rest_route=%2Fwp%2Fv2%2Fcategories&post=2014"},{"taxonomy":"post_tag","embeddable":true,"href":"https:\/\/eichenauer-schuetzen.de\/index.php?rest_route=%2Fwp%2Fv2%2Ftags&post=2014"}],"curies":[{"name":"wp","href":"https:\/\/api.w.org\/{rel}","templated":true}]}}