{"id":975,"date":"2019-09-14T19:22:00","date_gmt":"2019-09-14T17:22:00","guid":{"rendered":"https:\/\/new.eichenauer-schuetzen.de\/?p=975"},"modified":"2019-11-30T19:33:28","modified_gmt":"2019-11-30T18:33:28","slug":"150-jahre-schuetzenverein-emmering","status":"publish","type":"post","link":"https:\/\/eichenauer-schuetzen.de\/?p=975","title":{"rendered":"150 Jahre Sch\u00fctzenverein Emmering"},"content":{"rendered":"\n[et_pb_section fb_built=&#8220;1&#8243; _builder_version=&#8220;4.0.7&#8243;][et_pb_row column_structure=&#8220;3_5,2_5&#8243; _builder_version=&#8220;4.0.7&#8243;][et_pb_column type=&#8220;3_5&#8243; _builder_version=&#8220;4.0.7&#8243;][et_pb_text _builder_version=&#8220;4.0.7&#8243; header_text_color=&#8220;#0c5114&#8243; header_4_text_color=&#8220;#0c5114&#8243; hover_enabled=&#8220;0&#8243;]<h4>150 Jahre Sch\u00fctzenverein Emmering<\/h4>\n<p>&nbsp;<\/p>\n<p><span style=\"color: #474646; font-family: Arial, Arial, Helvetica, sans-serif; font-size: 12px; font-style: normal; font-variant-ligatures: normal; font-variant-caps: normal; font-weight: 400; letter-spacing: normal; orphans: 2; text-align: left; text-indent: 0px; text-transform: none; white-space: normal; widows: 2; word-spacing: 0px; -webkit-text-stroke-width: 0px; background-color: #ffffff; text-decoration-style: initial; text-decoration-color: initial; display: inline !important; float: none;\">Gerne waren wir mitsamt Fahnenabordnung und zahlreichen Vereinsmitgliedern der Einladung des Sch\u00fctzenvereins Emmering von 1869 e.V. zu ihrem 150-j\u00e4hrigen Jubil\u00e4um gefolgt und konnten uns bei der Festveranstaltung in der Amperhalle schon die ein- oder andere Anregung f\u00fcr die Feier zu unserem eigenenen 100-j\u00e4hrigen im kommenden Jahr 2020 holen.<\/span><\/p>\n[\/et_pb_text][\/et_pb_column][et_pb_column type=&#8220;2_5&#8243; _builder_version=&#8220;4.0.7&#8243;][et_pb_image show_in_lightbox=&#8220;on&#8220; _builder_version=&#8220;4.0.7&#8243; hover_enabled=&#8220;0&#8243; box_shadow_style=&#8220;preset1&#8243; src=&#8220;https:\/\/eichenauer-schuetzen.de\/wp-content\/uploads\/2019\/11\/1909_150Jahre_Emmering.jpg&#8220;][\/et_pb_image][\/et_pb_column][\/et_pb_row][\/et_pb_section]\n","protected":false},"excerpt":{"rendered":"<p>150 Jahre Sch\u00fctzenverein Emmering &nbsp; Gerne waren wir mitsamt Fahnenabordnung und zahlreichen Vereinsmitgliedern der Einladung des Sch\u00fctzenvereins Emmering von 1869 e.V. zu ihrem 150-j\u00e4hrigen Jubil\u00e4um gefolgt und konnten uns bei der Festveranstaltung in der Amperhalle schon die ein- oder andere Anregung f\u00fcr die Feier zu unserem eigenenen 100-j\u00e4hrigen im kommenden Jahr 2020 holen.<\/p>\n","protected":false},"author":1,"featured_media":978,"comment_status":"closed","ping_status":"closed","sticky":false,"template":"","format":"standard","meta":{"_et_pb_use_builder":"on","_et_pb_old_content":"","_et_gb_content_width":"","footnotes":""},"categories":[1],"tags":[],"class_list":["post-975","post","type-post","status-publish","format-standard","has-post-thumbnail","hentry","category-allgemein"],"_links":{"self":[{"href":"https:\/\/eichenauer-schuetzen.de\/index.php?rest_route=\/wp\/v2\/posts\/975","targetHints":{"allow":["GET"]}}],"collection":[{"href":"https:\/\/eichenauer-schuetzen.de\/index.php?rest_route=\/wp\/v2\/posts"}],"about":[{"href":"https:\/\/eichenauer-schuetzen.de\/index.php?rest_route=\/wp\/v2\/types\/post"}],"author":[{"embeddable":true,"href":"https:\/\/eichenauer-schuetzen.de\/index.php?rest_route=\/wp\/v2\/users\/1"}],"replies":[{"embeddable":true,"href":"https:\/\/eichenauer-schuetzen.de\/index.php?rest_route=%2Fwp%2Fv2%2Fcomments&post=975"}],"version-history":[{"count":5,"href":"https:\/\/eichenauer-schuetzen.de\/index.php?rest_route=\/wp\/v2\/posts\/975\/revisions"}],"predecessor-version":[{"id":984,"href":"https:\/\/eichenauer-schuetzen.de\/index.php?rest_route=\/wp\/v2\/posts\/975\/revisions\/984"}],"wp:featuredmedia":[{"embeddable":true,"href":"https:\/\/eichenauer-schuetzen.de\/index.php?rest_route=\/wp\/v2\/media\/978"}],"wp:attachment":[{"href":"https:\/\/eichenauer-schuetzen.de\/index.php?rest_route=%2Fwp%2Fv2%2Fmedia&parent=975"}],"wp:term":[{"taxonomy":"category","embeddable":true,"href":"https:\/\/eichenauer-schuetzen.de\/index.php?rest_route=%2Fwp%2Fv2%2Fcategories&post=975"},{"taxonomy":"post_tag","embeddable":true,"href":"https:\/\/eichenauer-schuetzen.de\/index.php?rest_route=%2Fwp%2Fv2%2Ftags&post=975"}],"curies":[{"name":"wp","href":"https:\/\/api.w.org\/{rel}","templated":true}]}}